{"id":39009,"date":"2026-04-07T10:00:33","date_gmt":"2026-04-07T08:00:33","guid":{"rendered":"https:\/\/deveco.it\/?p=39009"},"modified":"2026-04-07T11:50:36","modified_gmt":"2026-04-07T09:50:36","slug":"deveco-it-traslada-su-sede-en-zaragoza-para-crear-un-hub-de-tecnologia-e-ia","status":"publish","type":"post","link":"https:\/\/deveco.it\/es\/2026\/04\/07\/deveco-it-traslada-su-sede-en-zaragoza-para-crear-un-hub-de-tecnologia-e-ia\/","title":{"rendered":"Deveco IT traslada su sede en Zaragoza para crear un hub de tecnolog\u00eda e IA"},"content":{"rendered":"","protected":false},"excerpt":{"rendered":"<p>Deveco.IT se ha trasladado a una sede m\u00e1s amplia en Zaragoza para crear un hub de tecnolog\u00eda e IA, con especial foco en startups. El nuevo espacio impulsa su crecimiento y nuevas contrataciones.<\/p>","protected":false},"author":1,"featured_media":39010,"comment_status":"open","ping_status":"open","sticky":false,"template":"single-fullwidth.php","format":"standard","meta":{"footnotes":""},"categories":[62],"tags":[],"class_list":{"0":"post-39009","1":"post","2":"type-post","3":"status-publish","4":"format-standard","5":"has-post-thumbnail","7":"category-media_coverage"},"menu_order":0,"_links":{"self":[{"href":"https:\/\/deveco.it\/es\/wp-json\/wp\/v2\/posts\/39009","targetHints":{"allow":["GET"]}}],"collection":[{"href":"https:\/\/deveco.it\/es\/wp-json\/wp\/v2\/posts"}],"about":[{"href":"https:\/\/deveco.it\/es\/wp-json\/wp\/v2\/types\/post"}],"author":[{"embeddable":true,"href":"https:\/\/deveco.it\/es\/wp-json\/wp\/v2\/users\/1"}],"replies":[{"embeddable":true,"href":"https:\/\/deveco.it\/es\/wp-json\/wp\/v2\/comments?post=39009"}],"version-history":[{"count":0,"href":"https:\/\/deveco.it\/es\/wp-json\/wp\/v2\/posts\/39009\/revisions"}],"wp:featuredmedia":[{"embeddable":true,"href":"https:\/\/deveco.it\/es\/wp-json\/wp\/v2\/media\/39010"}],"wp:attachment":[{"href":"https:\/\/deveco.it\/es\/wp-json\/wp\/v2\/media?parent=39009"}],"wp:term":[{"taxonomy":"category","embeddable":true,"href":"https:\/\/deveco.it\/es\/wp-json\/wp\/v2\/categories?post=39009"},{"taxonomy":"post_tag","embeddable":true,"href":"https:\/\/deveco.it\/es\/wp-json\/wp\/v2\/tags?post=39009"}],"curies":[{"name":"wp","href":"https:\/\/api.w.org\/{rel}","templated":true}]}}