{"id":39015,"date":"2026-04-07T10:10:56","date_gmt":"2026-04-07T08:10:56","guid":{"rendered":"https:\/\/deveco.it\/?p=39015"},"modified":"2026-04-07T14:33:18","modified_gmt":"2026-04-07T12:33:18","slug":"deveco-it-se-muda-a-zaragoza-una-nueva-era-para-la-tecnologia-y-la-inteligencia-artificial-en-la-ciudad","status":"publish","type":"post","link":"https:\/\/deveco.it\/es\/2026\/04\/07\/deveco-it-se-muda-a-zaragoza-una-nueva-era-para-la-tecnologia-y-la-inteligencia-artificial-en-la-ciudad\/","title":{"rendered":"Deveco IT se muda a Zaragoza: una nueva era para la tecnolog\u00eda y la inteligencia artificial en la ciudad"},"content":{"rendered":"","protected":false},"excerpt":{"rendered":"<p>La mudanza de Deveco.IT en Zaragoza se presenta como un nuevo paso hacia un hub de tecnolog\u00eda e IA. El art\u00edculo destaca la colaboraci\u00f3n, el talento, la formaci\u00f3n y la innovaci\u00f3n para la ciudad.<\/p>","protected":false},"author":1,"featured_media":39060,"comment_status":"open","ping_status":"open","sticky":false,"template":"single-fullwidth.php","format":"standard","meta":{"footnotes":""},"categories":[62],"tags":[],"class_list":{"0":"post-39015","1":"post","2":"type-post","3":"status-publish","4":"format-standard","5":"has-post-thumbnail","7":"category-media_coverage"},"menu_order":0,"_links":{"self":[{"href":"https:\/\/deveco.it\/es\/wp-json\/wp\/v2\/posts\/39015","targetHints":{"allow":["GET"]}}],"collection":[{"href":"https:\/\/deveco.it\/es\/wp-json\/wp\/v2\/posts"}],"about":[{"href":"https:\/\/deveco.it\/es\/wp-json\/wp\/v2\/types\/post"}],"author":[{"embeddable":true,"href":"https:\/\/deveco.it\/es\/wp-json\/wp\/v2\/users\/1"}],"replies":[{"embeddable":true,"href":"https:\/\/deveco.it\/es\/wp-json\/wp\/v2\/comments?post=39015"}],"version-history":[{"count":0,"href":"https:\/\/deveco.it\/es\/wp-json\/wp\/v2\/posts\/39015\/revisions"}],"wp:featuredmedia":[{"embeddable":true,"href":"https:\/\/deveco.it\/es\/wp-json\/wp\/v2\/media\/39060"}],"wp:attachment":[{"href":"https:\/\/deveco.it\/es\/wp-json\/wp\/v2\/media?parent=39015"}],"wp:term":[{"taxonomy":"category","embeddable":true,"href":"https:\/\/deveco.it\/es\/wp-json\/wp\/v2\/categories?post=39015"},{"taxonomy":"post_tag","embeddable":true,"href":"https:\/\/deveco.it\/es\/wp-json\/wp\/v2\/tags?post=39015"}],"curies":[{"name":"wp","href":"https:\/\/api.w.org\/{rel}","templated":true}]}}